{"id":2987,"date":"2026-04-11T16:31:31","date_gmt":"2026-04-11T16:31:31","guid":{"rendered":"https:\/\/prepsecondaire.com\/?p=2987"},"modified":"2026-04-11T16:34:21","modified_gmt":"2026-04-11T16:34:21","slug":"combien-dexamens-pratiques-faut-il-faire-avant-lexamen-dadmission-au-secondaire","status":"publish","type":"post","link":"https:\/\/prepsecondaire.com\/en\/combien-dexamens-pratiques-faut-il-faire-avant-lexamen-dadmission-au-secondaire\/","title":{"rendered":"Combien d&rsquo;examens pratiques faut-il faire avant l&rsquo;examen d&rsquo;admission au secondaire ?"},"content":{"rendered":"<p>Pr\u00e9paration\u00a0| T\u00e9moignage\u00a0| Examens pratiques\u00a0\u00a0\u00b7\u00a0 8 min de lecture<\/p>\n\n\n\n<p>T\u00e9moignage d&rsquo;un p\u00e8re &nbsp;\u00b7&nbsp; Mis \u00e0 jour : avril 2025<\/p>\n\n\n\n<p>Ma fille \u00e9tait en 4e ann\u00e9e du primaire quand nous avons appris que le Coll\u00e8ge Jean-de-la-Mennais offrait un programme d&rsquo;entr\u00e9e d\u00e8s ce niveau &#8211; avec acc\u00e8s direct au secondaire 1 pour les \u00e9l\u00e8ves admis. C&rsquo;\u00e9tait une occasion rare, et nous ne voulions pas la rater.<\/p>\n\n\n\n<p>Ce que je partage ici n&rsquo;est pas une th\u00e9orie. C&rsquo;est ce que nous avons fait, semaine par semaine, pendant les trois semaines pr\u00e9c\u00e9dant l&rsquo;examen. Et surtout, ce que ma fille a ressenti le jour J.<\/p>\n\n\n\n<h2 class=\"wp-block-heading\">Pourquoi nous avons mis\u00e9 sur les examens de pratique<\/h2>\n\n\n\n<p>D\u00e8s le d\u00e9part, notre objectif n&rsquo;\u00e9tait pas d&rsquo;enseigner du nouveau contenu \u00e0 ma fille &#8211; elle avait d\u00e9j\u00e0 un bon niveau scolaire. Notre objectif \u00e9tait de l&rsquo;exposer au format de l&rsquo;examen, \u00e0 la pression du temps, et au type de questions pos\u00e9es.<\/p>\n\n\n\n<p>Un examen d&rsquo;admission n&rsquo;\u00e9value pas seulement ce que l&rsquo;enfant sait. Il \u00e9value aussi sa capacit\u00e9 \u00e0 performer sous contrainte, \u00e0 g\u00e9rer son temps, et \u00e0 ne pas paniquer devant une question difficile. Ces comp\u00e9tences-l\u00e0 ne s&rsquo;acqui\u00e8rent pas en relisant ses notes de classe. Elles s&rsquo;acqui\u00e8rent en pratiquant dans des conditions r\u00e9elles.<\/p>\n\n\n\n<blockquote class=\"wp-block-quote is-layout-flow wp-block-quote-is-layout-flow\">\n<p>\u00ab La premi\u00e8re fois qu&rsquo;elle a fait un examen de pratique, elle a manqu\u00e9 de temps dans la section math\u00e9matiques. \u00c0 la troisi\u00e8me fois, elle g\u00e9rait son rythme sans y penser. \u00bb<\/p>\n<\/blockquote>\n\n\n\n<h2 class=\"wp-block-heading\">Notre calendrier : 6 examens en 3 semaines<\/h2>\n\n\n\n<p>Nous avons commenc\u00e9 exactement trois semaines avant la date de l&rsquo;examen. Voici le calendrier que nous avons suivi :<\/p>\n\n\n\n<figure class=\"wp-block-table\"><table class=\"has-fixed-layout\"><thead><tr><th class=\"has-text-align-left\" data-align=\"left\">Semaine<\/th><th class=\"has-text-align-left\" data-align=\"left\">Examens blancs<\/th><th class=\"has-text-align-left\" data-align=\"left\">Approche<\/th><\/tr><\/thead><tbody><tr><td>Semaine 1<\/td><td>Examen 1 et 2<\/td><td>Conditions r\u00e9elles, chronom\u00e8tre, sans aide. R\u00e9vision des erreurs ensemble apr\u00e8s chaque examen.<\/td><\/tr><tr><td>Semaine 2<\/td><td>Examen 3 et 4<\/td><td>Accent sur les sections o\u00f9 elle avait perdu des points. Timing plus serr\u00e9.<\/td><\/tr><tr><td>Semaine 3<\/td><td>Examen 5 et 6<\/td><td>Simulation compl\u00e8te. Aucune intervention. Elle corrigeait elle-m\u00eame apr\u00e8s.<\/td><\/tr><\/tbody><\/table><\/figure>\n\n\n\n<p>Deux examens par semaine, ni plus ni moins. Assez pour cr\u00e9er une routine et une progression visible, sans surcharger une enfant de 9 ans en pleine ann\u00e9e scolaire.<\/p>\n\n\n\n<p><strong>Ce que nous avons observ\u00e9 semaine par semaine<\/strong><\/p>\n\n\n\n<p>Semaine 1 : anxi\u00e9t\u00e9 visible, questions sur ce qui allait \u00eatre demand\u00e9.<br>Semaine 2 : plus calme, commen\u00e7ait \u00e0 reconna\u00eetre les types de questions.<br>Semaine 3 : confiante, elle finissait les examens avec du temps restant.<\/p>\n\n\n\n<h2 class=\"wp-block-heading\">Le jour de l&rsquo;examen<\/h2>\n\n\n\n<p>Ma fille est ressortie de la salle d&rsquo;examen avec un sourire. Sa premi\u00e8re phrase :\u00a0<em>\u00ab Papa, c&rsquo;\u00e9tait moins dur que tes examens pratiques. \u00bb<\/em><\/p>\n\n\n\n<p>Ce n&rsquo;\u00e9tait pas un hasard. Les examens blancs que nous avions utilis\u00e9s \u00e9taient d\u00e9lib\u00e9r\u00e9ment calibr\u00e9s pour \u00eatre l\u00e9g\u00e8rement plus exigeants que l&rsquo;examen r\u00e9el &#8211; niveau de difficult\u00e9, densit\u00e9 des questions, contrainte de temps. L&rsquo;objectif \u00e9tait pr\u00e9cis\u00e9ment \u00e7a : que le vrai examen semble accessible en comparaison.<\/p>\n\n\n\n<p>Quelques semaines plus tard, nous avons re\u00e7u la lettre d&rsquo;admission. Elle \u00e9tait accept\u00e9e au programme de 5e ann\u00e9e du Coll\u00e8ge Jean-de-la-Mennais.<\/p>\n\n\n\n<h2 class=\"wp-block-heading\">Ce que j&rsquo;aurais fait diff\u00e9remment<\/h2>\n\n\n\n<p>Commencer plus t\u00f4t. Trois semaines, c&rsquo;est le minimum viable. Si c&rsquo;\u00e9tait \u00e0 refaire, je commencerais 6 semaines avant, avec un rythme plus lent en d\u00e9but de pr\u00e9paration &#8211; un examen par semaine les deux premi\u00e8res semaines, puis deux par semaine en approche finale.<\/p>\n\n\n\n<p>Aussi : ne pas n\u00e9gliger la r\u00e9vision des erreurs. Faire un examen blanc sans analyser ce qui a mal \u00e9t\u00e9, c&rsquo;est la moiti\u00e9 du travail. La correction est aussi importante que l&rsquo;examen lui-m\u00eame.<\/p>\n\n\n\n<h2 class=\"wp-block-heading\">Ce que les statistiques disent sur ces admissions<\/h2>\n\n\n\n<p>Les programmes enrichis et s\u00e9lectifs au niveau secondaire \u00e0 Montr\u00e9al affichent des taux d&rsquo;acceptation qui varient g\u00e9n\u00e9ralement entre 10 % et 25 % selon l&rsquo;\u00e9cole et l&rsquo;ann\u00e9e. Certaines cohortes peuvent \u00eatre encore plus comp\u00e9titives. Ce sont des programmes o\u00f9 une pr\u00e9paration s\u00e9rieuse fait une diff\u00e9rence concr\u00e8te &#8211; non pas parce que l&rsquo;enfant sera \u00ab dop\u00e9 \u00bb \u00e0 r\u00e9ussir, mais parce qu&rsquo;il arrivera en connaissant le format, sans surprise, et avec la confiance que seule la pratique r\u00e9p\u00e9t\u00e9e peut donner.<\/p>\n\n\n\n<p>Pour les familles dont l&rsquo;enfant est en 4e ann\u00e9e du primaire, il existe \u00e9galement des passerelles directes vers le secondaire dans certains \u00e9tablissements &#8211; ce qui signifie que la pr\u00e9paration peut commencer d\u00e8s ce niveau, avec un avantage significatif sur les candidats qui n&rsquo;entrent dans le processus qu&rsquo;en 6e ann\u00e9e.<\/p>\n\n\n\n<h2 class=\"wp-block-heading\">En r\u00e9sum\u00e9<\/h2>\n\n\n\n<p>Si je devais r\u00e9sumer notre exp\u00e9rience en quelques points :<\/p>\n\n\n\n<ul class=\"wp-block-list\">\n<li>6 examens pratiques sur 3 semaines (2 par semaine) est un rythme efficace et g\u00e9rable<\/li>\n\n\n\n<li>Commencer 3 semaines avant est le minimum &#8211; 6 semaines est l&rsquo;id\u00e9al<\/li>\n\n\n\n<li>La r\u00e9vision des erreurs apr\u00e8s chaque examen est aussi importante que l&rsquo;examen lui-m\u00eame<\/li>\n\n\n\n<li>Des examens pratiques l\u00e9g\u00e8rement plus difficiles que l&rsquo;examen r\u00e9el cr\u00e9ent un effet de confiance le jour J<\/li>\n\n\n\n<li>L&rsquo;objectif n&rsquo;est pas d&rsquo;enseigner du contenu nouveau, mais de familiariser l&rsquo;enfant avec le format et la pression<\/li>\n<\/ul>\n\n\n\n<p>Ma fille a aujourd&rsquo;hui compl\u00e9t\u00e9 sa premi\u00e8re ann\u00e9e au Coll\u00e8ge Jean-de-la-Mennais. Elle ne regrette pas la pr\u00e9paration. Nous non plus.<\/p>\n\n\n\n<hr class=\"wp-block-separator has-alpha-channel-opacity\"\/>\n\n\n\n<p>Cet article est un t\u00e9moignage personnel. Les r\u00e9sultats peuvent varier selon l&rsquo;enfant, l&rsquo;\u00e9tablissement vis\u00e9 et le niveau de pr\u00e9paration de d\u00e9part.<\/p>\n\n\n\n<p><\/p>","protected":false},"excerpt":{"rendered":"<p>Pr\u00e9paration\u00a0| T\u00e9moignage\u00a0| Examens pratiques\u00a0\u00a0\u00b7\u00a0 8 min de lecture T\u00e9moignage d&rsquo;un p\u00e8re &nbsp;\u00b7&nbsp; Mis \u00e0 jour : avril 2025 Ma fille \u00e9tait en 4e ann\u00e9e du primaire quand nous avons appris que le Coll\u00e8ge Jean-de-la-Mennais offrait un programme d&rsquo;entr\u00e9e d\u00e8s ce niveau &#8211; avec acc\u00e8s direct au secondaire 1 pour les \u00e9l\u00e8ves admis. C&rsquo;\u00e9tait une occasion [&hellip;]<\/p>\n","protected":false},"author":1,"featured_media":0,"comment_status":"closed","ping_status":"open","sticky":false,"template":"","format":"standard","meta":{"_uag_custom_page_level_css":"","site-sidebar-layout":"default","site-content-layout":"","ast-site-content-layout":"default","site-content-style":"default","site-sidebar-style":"default","ast-global-header-display":"","ast-banner-title-visibility":"","ast-main-header-display":"","ast-hfb-above-header-display":"","ast-hfb-below-header-display":"","ast-hfb-mobile-header-display":"","site-post-title":"","ast-breadcrumbs-content":"","ast-featured-img":"","footer-sml-layout":"","ast-disable-related-posts":"","theme-transparent-header-meta":"","adv-header-id-meta":"","stick-header-meta":"","header-above-stick-meta":"","header-main-stick-meta":"","header-below-stick-meta":"","astra-migrate-meta-layouts":"set","ast-page-background-enabled":"default","ast-page-background-meta":{"desktop":{"background-color":"var(--ast-global-color-4)","background-image":"","background-repeat":"repeat","background-position":"center center","background-size":"auto","background-attachment":"scroll","background-type":"","background-media":"","overlay-type":"","overlay-color":"","overlay-opacity":"","overlay-gradient":""},"tablet":{"background-color":"","background-image":"","background-repeat":"repeat","background-position":"center center","background-size":"auto","background-attachment":"scroll","background-type":"","background-media":"","overlay-type":"","overlay-color":"","overlay-opacity":"","overlay-gradient":""},"mobile":{"background-color":"","background-image":"","background-repeat":"repeat","background-position":"center center","background-size":"auto","background-attachment":"scroll","background-type":"","background-media":"","overlay-type":"","overlay-color":"","overlay-opacity":"","overlay-gradient":""}},"ast-content-background-meta":{"desktop":{"background-color":"var(--ast-global-color-5)","background-image":"","background-repeat":"repeat","background-position":"center center","background-size":"auto","background-attachment":"scroll","background-type":"","background-media":"","overlay-type":"","overlay-color":"","overlay-opacity":"","overlay-gradient":""},"tablet":{"background-color":"var(--ast-global-color-5)","background-image":"","background-repeat":"repeat","background-position":"center center","background-size":"auto","background-attachment":"scroll","background-type":"","background-media":"","overlay-type":"","overlay-color":"","overlay-opacity":"","overlay-gradient":""},"mobile":{"background-color":"var(--ast-global-color-5)","background-image":"","background-repeat":"repeat","background-position":"center center","background-size":"auto","background-attachment":"scroll","background-type":"","background-media":"","overlay-type":"","overlay-color":"","overlay-opacity":"","overlay-gradient":""}},"footnotes":""},"categories":[1],"tags":[],"class_list":["post-2987","post","type-post","status-publish","format-standard","hentry","category-blogue"],"uagb_featured_image_src":{"full":false,"thumbnail":false,"medium":false,"medium_large":false,"large":false,"1536x1536":false,"2048x2048":false,"trp-custom-language-flag":false,"woocommerce_thumbnail":false,"woocommerce_single":false,"woocommerce_gallery_thumbnail":false},"uagb_author_info":{"display_name":"\u00c9quipe PrepSecondaire","author_link":"https:\/\/prepsecondaire.com\/en\/author\/vanfinagmail-com\/"},"uagb_comment_info":0,"uagb_excerpt":"Pr\u00e9paration\u00a0| T\u00e9moignage\u00a0| Examens pratiques\u00a0\u00a0\u00b7\u00a0 8 min de lecture T\u00e9moignage d&rsquo;un p\u00e8re &nbsp;\u00b7&nbsp; Mis \u00e0 jour : avril 2025 Ma fille \u00e9tait en 4e ann\u00e9e du primaire quand nous avons appris que le Coll\u00e8ge Jean-de-la-Mennais offrait un programme d&rsquo;entr\u00e9e d\u00e8s ce niveau &#8211; avec acc\u00e8s direct au secondaire 1 pour les \u00e9l\u00e8ves admis. C&rsquo;\u00e9tait une occasion&hellip;","_links":{"self":[{"href":"https:\/\/prepsecondaire.com\/en\/wp-json\/wp\/v2\/posts\/2987","targetHints":{"allow":["GET"]}}],"collection":[{"href":"https:\/\/prepsecondaire.com\/en\/wp-json\/wp\/v2\/posts"}],"about":[{"href":"https:\/\/prepsecondaire.com\/en\/wp-json\/wp\/v2\/types\/post"}],"author":[{"embeddable":true,"href":"https:\/\/prepsecondaire.com\/en\/wp-json\/wp\/v2\/users\/1"}],"replies":[{"embeddable":true,"href":"https:\/\/prepsecondaire.com\/en\/wp-json\/wp\/v2\/comments?post=2987"}],"version-history":[{"count":1,"href":"https:\/\/prepsecondaire.com\/en\/wp-json\/wp\/v2\/posts\/2987\/revisions"}],"predecessor-version":[{"id":2988,"href":"https:\/\/prepsecondaire.com\/en\/wp-json\/wp\/v2\/posts\/2987\/revisions\/2988"}],"wp:attachment":[{"href":"https:\/\/prepsecondaire.com\/en\/wp-json\/wp\/v2\/media?parent=2987"}],"wp:term":[{"taxonomy":"category","embeddable":true,"href":"https:\/\/prepsecondaire.com\/en\/wp-json\/wp\/v2\/categories?post=2987"},{"taxonomy":"post_tag","embeddable":true,"href":"https:\/\/prepsecondaire.com\/en\/wp-json\/wp\/v2\/tags?post=2987"}],"curies":[{"name":"wp","href":"https:\/\/api.w.org\/{rel}","templated":true}]}}